{"id":24860,"date":"2022-04-12T11:21:22","date_gmt":"2022-04-12T08:21:22","guid":{"rendered":"https:\/\/www.enka.k12.tr\/adapazari\/?p=24860"},"modified":"2022-04-12T11:21:22","modified_gmt":"2022-04-12T08:21:22","slug":"tubitak-bolge-finali-basarisi","status":"publish","type":"post","link":"https:\/\/www.enka.k12.tr\/adapazari\/tubitak-bolge-finali-basarisi\/","title":{"rendered":"T\u00dcB\u0130TAK B\u00f6lge Finali\u2019nde B\u00fcy\u00fck Ba\u015far\u0131m\u0131z"},"content":{"rendered":"<p>T\u00dcB\u0130TAK B\u00f6lge Finali\u2019nde B\u00fcy\u00fck Ba\u015far\u0131m\u0131z:<br \/>\nSosyoloji Alan\u0131nda Birincilik,<br \/>\nMatematik Alan\u0131nda \u00dc\u00e7\u00fcnc\u00fcl\u00fck.<\/p>\n<p>53. T\u00dcB\u0130TAK Lise \u00d6\u011frencileri Ara\u015ft\u0131rma Projeleri Yar\u0131\u015fmas\u0131 i\u00e7in b\u00f6lge sergisine se\u00e7ilmeyi ba\u015faran iki projemiz de yar\u0131\u015fmada dereceye girmi\u015ftir.<br \/>\nT\u00fcrk Dili ve Edebiyat\u0131 \u00d6\u011fretmenimiz H\u00fcseyin \u00dcnal dan\u0131\u015fmanl\u0131\u011f\u0131nda, Sosyoloji alan\u0131ndaki projesiyle, 11. s\u0131n\u0131f \u00f6\u011frencimiz Zeynep Simla \u00c7akan b\u00f6lge birincisi olmu\u015ftur.<br \/>\nBirinci olan projemiz okulumuzu Ankara\u2019da d\u00fczenlenecek olan T\u00fcrkiye finalinde temsil edecektir.<br \/>\n\u00d6\u011frencimiz \u201cDijital \u00c7a\u011fda Z Ku\u015fa\u011f\u0131 A\u00e7\u0131s\u0131ndan Sosyal Adalet Alg\u0131s\u0131 ve Aktif Yurtta\u015fl\u0131k \u0130li\u015fkisinde Sosyal Medya Kullan\u0131m\u0131n\u0131n Arac\u0131 Rol\u00fc\u201d isimli projesiyle, gen\u00e7 ku\u015fa\u011f\u0131n, dijital platformlar \u00fczerinden kendilerini ifade ederken vatanda\u015fl\u0131k g\u00f6rev ve sorumluluklar\u0131n\u0131 yerine getirme d\u00fczeylerini ara\u015ft\u0131rm\u0131\u015ft\u0131r.<br \/>\nMatematik \u00d6\u011fretmenimiz Tuna Batu dan\u0131\u015fmanl\u0131\u011f\u0131nda, Matematik alan\u0131ndaki projesiyle 9. s\u0131n\u0131f \u00f6\u011frencimiz Melis K\u0131rca b\u00f6lge \u00fc\u00e7\u00fcnc\u00fcs\u00fc olmu\u015ftur.<br \/>\n\u00d6\u011frencimiz \u201cOrman Yang\u0131nlar\u0131na \u00c7\u00f6z\u00fcm \u0130\u00e7in Bir Matematiksel Modelleme \u00d6rne\u011fi; Ormanlar\u0131m\u0131z\u0131n Koruyucusu \u00c7okgenler\u201d isimli projesiyle, \u00fclkemizde ve d\u00fcnyada son d\u00f6nemlerde \u00e7ok fazla g\u00f6r\u00fclen orman yang\u0131nlar\u0131n\u0131n daha h\u0131zl\u0131 s\u00f6nd\u00fcr\u00fclmesine \u00e7\u00f6z\u00fcm olabilecek bir matematiksel modelleme yapm\u0131\u015ft\u0131r.<br \/>\nB\u00f6lge birincilerinin T\u00fcrkiye finaline kat\u0131laca\u011f\u0131 yar\u0131\u015fmada, okulumuzu ve b\u00f6lgemizi ba\u015far\u0131 ile temsil eden \u00f6\u011frencilerimizi ve onlara rehberlik eden dan\u0131\u015fman \u00f6\u011fretmenlerini kutlar\u0131z.<\/p>\n","protected":false},"excerpt":{"rendered":"<p>T\u00dcB\u0130TAK B\u00f6lge Finali\u2019nde B\u00fcy\u00fck Ba\u015far\u0131m\u0131z: Sosyoloji Alan\u0131nda Birincilik, Matematik Alan\u0131nda \u00dc\u00e7\u00fcnc\u00fcl\u00fck. 53. T\u00dcB\u0130TAK Lise \u00d6\u011frencileri Ara\u015ft\u0131rma Projeleri Yar\u0131\u015fmas\u0131 i\u00e7in b\u00f6lge sergisine se\u00e7ilmeyi ba\u015faran iki projemiz de yar\u0131\u015fmada dereceye girmi\u015ftir. T\u00fcrk Dili ve Edebiyat\u0131 \u00d6\u011fretmenimiz H\u00fcseyin \u00dcnal dan\u0131\u015fmanl\u0131\u011f\u0131nda, Sosyoloji alan\u0131ndaki projesiyle, 11. s\u0131n\u0131f \u00f6\u011frencimiz Zeynep Simla \u00c7akan b\u00f6lge birincisi olmu\u015ftur. Birinci olan projemiz okulumuzu Ankara\u2019da d\u00fczenlenecek olan T\u00fcrkiye finalinde temsil edecektir. \u00d6\u011frencimiz \u201cDijital \u00c7a\u011fda Z Ku\u015fa\u011f\u0131&#8230;<\/p>\n","protected":false},"author":1,"featured_media":24858,"comment_status":"closed","ping_status":"closed","sticky":false,"template":"","format":"standard","meta":{"_acf_changed":false,"om_disable_all_campaigns":false,"inline_featured_image":false,"_monsterinsights_skip_tracking":false,"_monsterinsights_sitenote_active":false,"_monsterinsights_sitenote_note":"","_monsterinsights_sitenote_category":0,"footnotes":""},"categories":[46,1478],"tags":[],"class_list":["post-24860","post","type-post","status-publish","format-standard","has-post-thumbnail","hentry","category-haberler","category-haber_lise","blog-entry clr","thumbnail-entry-style"],"aioseo_notices":[],"acf":[],"_links":{"self":[{"href":"https:\/\/www.enka.k12.tr\/adapazari\/wp-json\/wp\/v2\/posts\/24860","targetHints":{"allow":["GET"]}}],"collection":[{"href":"https:\/\/www.enka.k12.tr\/adapazari\/wp-json\/wp\/v2\/posts"}],"about":[{"href":"https:\/\/www.enka.k12.tr\/adapazari\/wp-json\/wp\/v2\/types\/post"}],"author":[{"embeddable":true,"href":"https:\/\/www.enka.k12.tr\/adapazari\/wp-json\/wp\/v2\/users\/1"}],"replies":[{"embeddable":true,"href":"https:\/\/www.enka.k12.tr\/adapazari\/wp-json\/wp\/v2\/comments?post=24860"}],"version-history":[{"count":0,"href":"https:\/\/www.enka.k12.tr\/adapazari\/wp-json\/wp\/v2\/posts\/24860\/revisions"}],"wp:featuredmedia":[{"embeddable":true,"href":"https:\/\/www.enka.k12.tr\/adapazari\/wp-json\/wp\/v2\/media\/24858"}],"wp:attachment":[{"href":"https:\/\/www.enka.k12.tr\/adapazari\/wp-json\/wp\/v2\/media?parent=24860"}],"wp:term":[{"taxonomy":"category","embeddable":true,"href":"https:\/\/www.enka.k12.tr\/adapazari\/wp-json\/wp\/v2\/categories?post=24860"},{"taxonomy":"post_tag","embeddable":true,"href":"https:\/\/www.enka.k12.tr\/adapazari\/wp-json\/wp\/v2\/tags?post=24860"}],"curies":[{"name":"wp","href":"https:\/\/api.w.org\/{rel}","templated":true}]}}