{"id":28110,"date":"2025-01-17T13:21:00","date_gmt":"2025-01-17T10:21:00","guid":{"rendered":"https:\/\/www.enka.k12.tr\/adapazari\/?p=28110"},"modified":"2025-01-17T13:21:00","modified_gmt":"2025-01-17T10:21:00","slug":"sakaryada-bir-ilk-adapazari-enka-okullarinda-gunes-enerjisi-santrali-ges-projesi-tamamlandi","status":"publish","type":"post","link":"https:\/\/www.enka.k12.tr\/adapazari\/sakaryada-bir-ilk-adapazari-enka-okullarinda-gunes-enerjisi-santrali-ges-projesi-tamamlandi\/","title":{"rendered":"Sakarya\u2019da Bir \u0130lk: Adapazar\u0131 ENKA Okullar\u0131\u2019nda G\u00fcne\u015f Enerjisi Santrali (GES) Projesi Tamamland\u0131!"},"content":{"rendered":"<p style=\"text-align: justify;\">Adapazar\u0131 ENKA Okullar\u0131, \u00e7evreye duyarl\u0131l\u0131\u011f\u0131 ve s\u00fcrd\u00fcr\u00fclebilirlik yakla\u015f\u0131m\u0131yla yine \u00f6nc\u00fc bir projeye imza att\u0131. ENKA \u015eirketler Grubu&#8217;nun 2050 y\u0131l\u0131na kadar operasyonlar\u0131nda net s\u0131f\u0131r sera gaz\u0131 emisyonu hedefi do\u011frultusunda \u00f6nemli bir ad\u0131m atarak, Sakarya\u2019daki e\u011fitim kurumlar\u0131 aras\u0131nda bir ilk olan G\u00fcne\u015f Enerjisi Santrali (GES) projesini tamamlad\u0131. Bu projeyle okulumuz, hem kendi enerji ihtiyac\u0131n\u0131 %100 kar\u015f\u0131layabilen hem de do\u011faya \u00f6nemli katk\u0131lar sa\u011flayan \u00f6nc\u00fc okullar aras\u0131na kat\u0131ld\u0131.<\/p>\n<p style=\"text-align: justify;\">Kurulan 900 adet g\u00fcne\u015f paneli ile olu\u015fturulan 495 kWp \/ 400 kWe g\u00fcc\u00fcndeki santral, Adapazar\u0131 ENKA Okullar\u0131\u2019n\u0131n y\u0131ll\u0131k enerji ihtiyac\u0131n\u0131 tamamen kar\u015f\u0131layarak, s\u00fcrd\u00fcr\u00fclebilir bir gelece\u011fe y\u00f6nelik g\u00fc\u00e7l\u00fc bir ad\u0131m at\u0131lmas\u0131n\u0131 sa\u011flad\u0131.<\/p>\n<p style=\"text-align: justify;\">Sakarya\u2019da bir ilk olma \u00f6zelli\u011fi ta\u015f\u0131yan bu proje, yaln\u0131zca \u00e7evreye katk\u0131da bulunmakla kalm\u0131yor, ayn\u0131 zamanda \u00f6\u011frencilerimize \u00e7evre bilinci a\u015f\u0131lamay\u0131 ve enerji \u00fcretiminde kendi kendine yetebilmenin \u00f6nemini \u00f6\u011fretmeyi hedefliyor.<\/p>\n<p style=\"text-align: justify;\">ENKA \u015eirketler Grubu, s\u00fcrd\u00fcr\u00fclebilirlik stratejisinin d\u00f6rt temel aya\u011f\u0131ndan biri olan &#8220;\u00c7evresel Etkiyi Azaltmak&#8221; hedefi do\u011frultusunda, yenilenebilir enerji kullan\u0131m\u0131n\u0131 art\u0131rmak ve \u00e7evresel etkileri en aza indirmek i\u00e7in \u00e7e\u015fitli projeler y\u00fcr\u00fctmektedir.<\/p>\n<p style=\"text-align: justify;\">Adapazar\u0131 ENKA Okullar\u0131 olarak, bu vizyonu destekleyerek \u00e7evreye duyarl\u0131 projeler geli\u015ftirmeye devam ediyor ve s\u00fcrd\u00fcr\u00fclebilirlik vizyonumuzu g\u00fc\u00e7lendiren bu projeyle hem \u00f6\u011frencilerimize hem de topluma \u00f6rnek olman\u0131n gururunu ya\u015f\u0131yoruz.<\/p>\n","protected":false},"excerpt":{"rendered":"<p>Adapazar\u0131 ENKA Okullar\u0131, \u00e7evreye duyarl\u0131l\u0131\u011f\u0131 ve s\u00fcrd\u00fcr\u00fclebilirlik yakla\u015f\u0131m\u0131yla yine \u00f6nc\u00fc bir projeye imza att\u0131. ENKA \u015eirketler Grubu&#8217;nun 2050 y\u0131l\u0131na kadar operasyonlar\u0131nda net s\u0131f\u0131r sera gaz\u0131 emisyonu hedefi do\u011frultusunda \u00f6nemli bir ad\u0131m atarak, Sakarya\u2019daki e\u011fitim kurumlar\u0131 aras\u0131nda bir ilk olan G\u00fcne\u015f Enerjisi Santrali (GES) projesini tamamlad\u0131. Bu projeyle okulumuz, hem kendi enerji ihtiyac\u0131n\u0131 %100 kar\u015f\u0131layabilen hem de do\u011faya \u00f6nemli katk\u0131lar sa\u011flayan \u00f6nc\u00fc okullar aras\u0131na kat\u0131ld\u0131. Kurulan&#8230;<\/p>\n","protected":false},"author":2,"featured_media":28111,"comment_status":"closed","ping_status":"closed","sticky":false,"template":"","format":"standard","meta":{"_acf_changed":false,"om_disable_all_campaigns":false,"inline_featured_image":false,"_monsterinsights_skip_tracking":false,"_monsterinsights_sitenote_active":false,"_monsterinsights_sitenote_note":"","_monsterinsights_sitenote_category":0,"footnotes":""},"categories":[46,1476,44,1478,1477],"tags":[],"class_list":["post-28110","post","type-post","status-publish","format-standard","has-post-thumbnail","hentry","category-haberler","category-haber_ilkokul","category-kampuste-yasam","category-haber_lise","category-haber_ortaokul","blog-entry clr","thumbnail-entry-style"],"aioseo_notices":[],"acf":[],"_links":{"self":[{"href":"https:\/\/www.enka.k12.tr\/adapazari\/wp-json\/wp\/v2\/posts\/28110","targetHints":{"allow":["GET"]}}],"collection":[{"href":"https:\/\/www.enka.k12.tr\/adapazari\/wp-json\/wp\/v2\/posts"}],"about":[{"href":"https:\/\/www.enka.k12.tr\/adapazari\/wp-json\/wp\/v2\/types\/post"}],"author":[{"embeddable":true,"href":"https:\/\/www.enka.k12.tr\/adapazari\/wp-json\/wp\/v2\/users\/2"}],"replies":[{"embeddable":true,"href":"https:\/\/www.enka.k12.tr\/adapazari\/wp-json\/wp\/v2\/comments?post=28110"}],"version-history":[{"count":0,"href":"https:\/\/www.enka.k12.tr\/adapazari\/wp-json\/wp\/v2\/posts\/28110\/revisions"}],"wp:featuredmedia":[{"embeddable":true,"href":"https:\/\/www.enka.k12.tr\/adapazari\/wp-json\/wp\/v2\/media\/28111"}],"wp:attachment":[{"href":"https:\/\/www.enka.k12.tr\/adapazari\/wp-json\/wp\/v2\/media?parent=28110"}],"wp:term":[{"taxonomy":"category","embeddable":true,"href":"https:\/\/www.enka.k12.tr\/adapazari\/wp-json\/wp\/v2\/categories?post=28110"},{"taxonomy":"post_tag","embeddable":true,"href":"https:\/\/www.enka.k12.tr\/adapazari\/wp-json\/wp\/v2\/tags?post=28110"}],"curies":[{"name":"wp","href":"https:\/\/api.w.org\/{rel}","templated":true}]}}