{"id":28184,"date":"2025-03-26T13:40:01","date_gmt":"2025-03-26T10:40:01","guid":{"rendered":"https:\/\/www.enka.k12.tr\/adapazari\/?p=28184"},"modified":"2025-07-11T09:30:56","modified_gmt":"2025-07-11T06:30:56","slug":"turkiye-matematik-yarismasi-2025te-finaldeyiz","status":"publish","type":"post","link":"https:\/\/www.enka.k12.tr\/adapazari\/turkiye-matematik-yarismasi-2025te-finaldeyiz\/","title":{"rendered":"T\u00fcrkiye Matematik Yar\u0131\u015fmas\u0131 2025\u2019te finaldeyiz!"},"content":{"rendered":"<div class=\"wpb-content-wrapper\"><p>[vc_row][vc_column][vc_column_text]Matemati\u011fi yaln\u0131zca bir ders de\u011fil, \u00f6\u011frencilerimizin problem \u00e7\u00f6zme, analitik d\u00fc\u015f\u00fcnme ve yarat\u0131c\u0131l\u0131k becerilerini geli\u015ftiren bir ya\u015fam prati\u011fi olarak g\u00f6ren ENKA Okullar\u0131, bu vizyonun meyvelerini bir kez daha toplad\u0131. T\u00fcrkiye genelinde d\u00fczenlenen <strong>T\u00fcrkiye Matematik Yar\u0131\u015fmas\u0131 (TMY) 2025<\/strong>\u2019te \u00f6\u011frencilerimiz elde ettikleri derecelerle bizlere b\u00fcy\u00fck bir gurur ya\u015fatt\u0131.<\/p>\n<ul>\n<li>Haz\u0131rl\u0131k s\u0131n\u0131f\u0131 \u00f6\u011frencimiz<strong> Ay\u015fe \u00c7etin<\/strong>, 81 kat\u0131l\u0131mc\u0131 aras\u0131nda <strong>1\u2019inci<\/strong><\/li>\n<\/ul>\n<ul>\n<li>9. S\u0131n\u0131f \u00f6\u011frencimiz <strong>Elif Sude F\u0131rat<\/strong>, 552 kat\u0131l\u0131mc\u0131 aras\u0131nda <strong>5\u2019inci<\/strong><\/li>\n<li>5. S\u0131n\u0131f \u00f6\u011frencimiz <strong>Kerem Affan \u015eanl\u0131,<\/strong> 673 kat\u0131l\u0131mc\u0131 aras\u0131nda <strong>9\u2019uncu<\/strong><\/li>\n<li>10. S\u0131n\u0131f \u00f6\u011frencilerimiz <strong>Zeynep \u00c7atak, Azra G\u00fcnde\u015fli, \u015eevval Dirican ve Irmak K\u00fccc\u00fck<\/strong>, 406 kat\u0131l\u0131mc\u0131 aras\u0131nda <strong>16\u2019nc\u0131<\/strong> s\u0131ray\u0131 payla\u015farak final s\u0131nav\u0131na kat\u0131lmaya hak kazand\u0131.<\/li>\n<\/ul>\n<p>Bunun yan\u0131 s\u0131ra, di\u011fer s\u0131n\u0131f kademelerinde de \u00f6\u011frencilerimiz \u00f6nemli ba\u015far\u0131lar elde etti:<\/p>\n<ul>\n<li>4. s\u0131n\u0131f \u00f6\u011frencimiz <strong>Zeynep \u015eifa Sa\u011flam<\/strong> 483 kat\u0131l\u0131mc\u0131 aras\u0131nda <strong>80\u2019inci<\/strong><\/li>\n<li>5. s\u0131n\u0131f \u00f6\u011frencilerimiz <strong>Mehmet Efe Dedeo\u011flu<\/strong> \u2013 <strong>86. \/ 673, Ege Yay<\/strong> \u2013 <strong>95. \/ 673<\/strong><\/li>\n<li>6. s\u0131n\u0131f \u00f6\u011frencilerimiz<strong> Muhammed D\u00fczen<\/strong> \u2013 <strong>23. \/ 595, Yi\u011fit \u00d6mer Sa\u011flam<\/strong> \u2013 <strong>26. \/ 595, Ali Emir \u00c7elik<\/strong> \u2013 <strong>38. \/ 595, Mehmet Kaan Acar<\/strong> \u2013 <strong>145. \/ 595<\/strong><\/li>\n<li>8. s\u0131n\u0131f \u00f6\u011frencilerimiz <strong>Yusuf Ekrem Bal<\/strong> \u2013 <strong>36. \/ 191, Fehmi \u00d6mer \u0130zmirligil<\/strong> \u2013 <strong>47. \/ 191, Emir Ekici<\/strong> \u2013 <strong>66. \/ 191, Bilge G\u00fcm\u00fc\u015f<\/strong> \u2013 <strong>94. \/ 191 <\/strong><\/li>\n<\/ul>\n<p>Bu \u00f6nemli ba\u015far\u0131lar, \u00f6\u011frencilerimizin hem akademik hem de analitik yetkinliklerini ortaya koyarken, \u00f6\u011fretmenlerimizin rehberli\u011fini ve e\u011fitim anlay\u0131\u015f\u0131m\u0131z\u0131 da ta\u00e7land\u0131rm\u0131\u015ft\u0131r.<\/p>\n<p>Finale kalan \u00f6\u011frencilerimiz, <strong>19 Nisan 2025\u2019te<\/strong> 2. A\u015fama Final S\u0131nav\u0131\u2019nda okulumuzu temsil edecek.<\/p>\n<p>Ba\u015far\u0131lar\u0131yla bizleri gururland\u0131ran t\u00fcm \u00f6\u011frencilerimizi ve onlara \u00f6zveriyle rehberlik eden \u00f6\u011fretmenlerimizi y\u00fcrekten kutluyor, final yolculu\u011funda t\u00fcm \u00f6\u011frencilerimize ba\u015far\u0131lar diliyoruz.[\/vc_column_text][\/vc_column][\/vc_row]<\/p>\n<\/div>","protected":false},"excerpt":{"rendered":"<p>[vc_row][vc_column][vc_column_text]Matemati\u011fi yaln\u0131zca bir ders de\u011fil, \u00f6\u011frencilerimizin problem \u00e7\u00f6zme, analitik d\u00fc\u015f\u00fcnme ve yarat\u0131c\u0131l\u0131k becerilerini geli\u015ftiren bir ya\u015fam prati\u011fi olarak g\u00f6ren ENKA Okullar\u0131, bu vizyonun meyvelerini bir kez daha toplad\u0131. T\u00fcrkiye genelinde d\u00fczenlenen T\u00fcrkiye Matematik Yar\u0131\u015fmas\u0131 (TMY) 2025\u2019te \u00f6\u011frencilerimiz elde ettikleri derecelerle bizlere b\u00fcy\u00fck bir gurur ya\u015fatt\u0131. Haz\u0131rl\u0131k s\u0131n\u0131f\u0131 \u00f6\u011frencimiz Ay\u015fe \u00c7etin, 81 kat\u0131l\u0131mc\u0131 aras\u0131nda 1\u2019inci 9. S\u0131n\u0131f \u00f6\u011frencimiz Elif Sude F\u0131rat, 552 kat\u0131l\u0131mc\u0131 aras\u0131nda 5\u2019inci 5&#8230;.<\/p>\n","protected":false},"author":2,"featured_media":28190,"comment_status":"closed","ping_status":"closed","sticky":false,"template":"","format":"standard","meta":{"_acf_changed":false,"om_disable_all_campaigns":false,"inline_featured_image":false,"_monsterinsights_skip_tracking":false,"_monsterinsights_sitenote_active":false,"_monsterinsights_sitenote_note":"","_monsterinsights_sitenote_category":0,"footnotes":""},"categories":[41,1478,40,1477],"tags":[],"class_list":["post-28184","post","type-post","status-publish","format-standard","has-post-thumbnail","hentry","category-lise","category-haber_lise","category-ortaokul","category-haber_ortaokul","blog-entry clr","thumbnail-entry-style"],"aioseo_notices":[],"acf":[],"_links":{"self":[{"href":"https:\/\/www.enka.k12.tr\/adapazari\/wp-json\/wp\/v2\/posts\/28184","targetHints":{"allow":["GET"]}}],"collection":[{"href":"https:\/\/www.enka.k12.tr\/adapazari\/wp-json\/wp\/v2\/posts"}],"about":[{"href":"https:\/\/www.enka.k12.tr\/adapazari\/wp-json\/wp\/v2\/types\/post"}],"author":[{"embeddable":true,"href":"https:\/\/www.enka.k12.tr\/adapazari\/wp-json\/wp\/v2\/users\/2"}],"replies":[{"embeddable":true,"href":"https:\/\/www.enka.k12.tr\/adapazari\/wp-json\/wp\/v2\/comments?post=28184"}],"version-history":[{"count":0,"href":"https:\/\/www.enka.k12.tr\/adapazari\/wp-json\/wp\/v2\/posts\/28184\/revisions"}],"wp:featuredmedia":[{"embeddable":true,"href":"https:\/\/www.enka.k12.tr\/adapazari\/wp-json\/wp\/v2\/media\/28190"}],"wp:attachment":[{"href":"https:\/\/www.enka.k12.tr\/adapazari\/wp-json\/wp\/v2\/media?parent=28184"}],"wp:term":[{"taxonomy":"category","embeddable":true,"href":"https:\/\/www.enka.k12.tr\/adapazari\/wp-json\/wp\/v2\/categories?post=28184"},{"taxonomy":"post_tag","embeddable":true,"href":"https:\/\/www.enka.k12.tr\/adapazari\/wp-json\/wp\/v2\/tags?post=28184"}],"curies":[{"name":"wp","href":"https:\/\/api.w.org\/{rel}","templated":true}]}}