{"id":26992,"date":"2026-03-24T15:40:19","date_gmt":"2026-03-24T12:40:19","guid":{"rendered":"https:\/\/www.enka.k12.tr\/kocaeli\/?p=26992"},"modified":"2026-03-24T15:35:24","modified_gmt":"2026-03-24T12:35:24","slug":"erasmus-mobility-in-regensburg-for-a-sustainable-future","status":"publish","type":"post","link":"https:\/\/www.enka.k12.tr\/kocaeli\/en\/erasmus-mobility-in-regensburg-for-a-sustainable-future\/","title":{"rendered":"Erasmus+ Mobility in Regensburg for a Sustainable Future"},"content":{"rendered":"<p><span style=\"font-size: 14pt;\"><strong><span style=\"font-family: Helvetica, sans-serif;\">Erasmus+ Mobility in Regensburg for a Sustainable Future<\/span><\/strong><\/span><\/p>\n<p><span style=\"font-size: 10.0pt; font-family: 'Helvetica',sans-serif;\">Our students developed their European perspectives through international collaborations, academic studies, and cultural experiences.<\/span><\/p>\n<p><span style=\"font-size: 10.0pt; font-family: 'Helvetica',sans-serif;\">Our school participated in the learning and teaching mobility carried out in the city of Regensburg, Germany, as part of the Erasmus+ project \u201cThe Green Path \u2013 The Future for Europe\u2019s Next Generations.\u201d The project is being implemented between 2026 and 2028.<\/span><\/p>\n<p><span style=\"font-size: 10.0pt; font-family: 'Helvetica',sans-serif;\">During this mobility, which took place between 7\u201314 March 2026, five of our students represented our school and participated in the activities under the guidance of our teachers Ay\u015fe \u00d6zg\u00fcr G\u00fc\u00e7er and Enes Gider. The project is carried out under the coordination of Belgium with the partnership of T\u00fcrkiye, Germany, Poland, Italy, and Austria.<\/span><\/p>\n<p><span style=\"font-size: 10.0pt; font-family: 'Helvetica',sans-serif;\">Throughout the program, our students participated in various workshops organized within the host school FOSBOS Regensburg and carried out several academic studies in cooperation with international teams in line with the themes of sustainability and environmental awareness. In this context, they successfully completed their presentation on hydroponic farming (soilless agriculture) and made a significant contribution to the project. As the project languages are English and German, our students had the opportunity to use and improve their foreign language skills actively.<\/span><\/p>\n<p><span style=\"font-size: 10.0pt; font-family: 'Helvetica',sans-serif;\">In addition to academic studies, within the scope of social and cultural activities, our students visited the Mayor of Regensburg in his office and gave an interview about the project. They also attended lessons on sustainable buildings and architecture at OTH Regensburg University and Eckert Schulen. By participating in visits to the BMW Museum, Allianz Arena, and city tours of Regensburg, they had the opportunity to closely experience the cultural and historical richness of the host country.<\/span><\/p>\n<p><span style=\"font-size: 10.0pt; font-family: 'Helvetica',sans-serif;\">This mobility not only contributed to the academic and social development of our students but also enabled them to strengthen their global perspectives by interacting with different cultures.<\/span><\/p>\n<div id=\"gallery-1\" class=\"gallery galleryid-26992 ks-row ks-gallery ks-gallery-lightbox clr\"><div class=\"gallery-item span_1_of_2 col col-1\">\n\t\t\t\t\t<div class=\"gallery-icon\">\n\t\t\t\t\t\t<a href=\"https:\/\/www.enka.k12.tr\/kocaeli\/wp-content\/uploads\/2026\/03\/3-rotated.jpg\" class=\"ks-lightbox\" title=\"\">\n\t\t\t\t\t\t\t<img decoding=\"async\" src=\"https:\/\/www.enka.k12.tr\/kocaeli\/wp-content\/uploads\/2026\/03\/3-rotated.jpg\" alt=\"\" \/>\n\t\t\t\t\t\t<\/a>\n\t\t\t\t\t<\/div><!-- \/gallery-icon --><\/div><!-- \/gallery-item --><div class=\"gallery-item span_1_of_2 col col-0\">\n\t\t\t\t\t<div class=\"gallery-icon\">\n\t\t\t\t\t\t<a href=\"https:\/\/www.enka.k12.tr\/kocaeli\/wp-content\/uploads\/2026\/03\/2-rotated.jpg\" class=\"ks-lightbox\" title=\"\">\n\t\t\t\t\t\t\t<img decoding=\"async\" src=\"https:\/\/www.enka.k12.tr\/kocaeli\/wp-content\/uploads\/2026\/03\/2-rotated.jpg\" alt=\"\" \/>\n\t\t\t\t\t\t<\/a>\n\t\t\t\t\t<\/div><!-- \/gallery-icon --><\/div><!-- \/gallery-item --><\/div><!-- \/gallery-1 -->\n\n<p>&nbsp;<\/p>\n","protected":false},"excerpt":{"rendered":"<p>Erasmus+ Mobility in Regensburg for a Sustainable Future Our students developed their European perspectives through international collaborations, academic studies, and cultural experiences. Our school participated in the learning and teaching mobility carried out in the city of Regensburg, Germany, as part of the Erasmus+ project \u201cThe Green Path \u2013 The Future for Europe\u2019s Next Generations.\u201d The project is being implemented between 2026 and 2028. During&#8230;<\/p>\n","protected":false},"author":22,"featured_media":26996,"comment_status":"closed","ping_status":"closed","sticky":false,"template":"","format":"standard","meta":{"_acf_changed":false,"inline_featured_image":false,"footnotes":""},"categories":[152,102,1620,214,78,80,19,130,27,100,108],"tags":[2832],"class_list":["post-26992","post","type-post","status-publish","format-standard","has-post-thumbnail","hentry","category-academics","category-curriculum-2","category-posts","category-our-campus","category-schools","category-science-and-technology-high-school","category-student","category-student-life","category-teacher","category-technical-high-school","category-vocational-education","tag-enka","blog-entry clr","thumbnail-entry-style"],"aioseo_notices":[],"acf":[],"_links":{"self":[{"href":"https:\/\/www.enka.k12.tr\/kocaeli\/en\/wp-json\/wp\/v2\/posts\/26992","targetHints":{"allow":["GET"]}}],"collection":[{"href":"https:\/\/www.enka.k12.tr\/kocaeli\/en\/wp-json\/wp\/v2\/posts"}],"about":[{"href":"https:\/\/www.enka.k12.tr\/kocaeli\/en\/wp-json\/wp\/v2\/types\/post"}],"author":[{"embeddable":true,"href":"https:\/\/www.enka.k12.tr\/kocaeli\/en\/wp-json\/wp\/v2\/users\/22"}],"replies":[{"embeddable":true,"href":"https:\/\/www.enka.k12.tr\/kocaeli\/en\/wp-json\/wp\/v2\/comments?post=26992"}],"version-history":[{"count":3,"href":"https:\/\/www.enka.k12.tr\/kocaeli\/en\/wp-json\/wp\/v2\/posts\/26992\/revisions"}],"predecessor-version":[{"id":27003,"href":"https:\/\/www.enka.k12.tr\/kocaeli\/en\/wp-json\/wp\/v2\/posts\/26992\/revisions\/27003"}],"wp:featuredmedia":[{"embeddable":true,"href":"https:\/\/www.enka.k12.tr\/kocaeli\/en\/wp-json\/wp\/v2\/media\/26996"}],"wp:attachment":[{"href":"https:\/\/www.enka.k12.tr\/kocaeli\/en\/wp-json\/wp\/v2\/media?parent=26992"}],"wp:term":[{"taxonomy":"category","embeddable":true,"href":"https:\/\/www.enka.k12.tr\/kocaeli\/en\/wp-json\/wp\/v2\/categories?post=26992"},{"taxonomy":"post_tag","embeddable":true,"href":"https:\/\/www.enka.k12.tr\/kocaeli\/en\/wp-json\/wp\/v2\/tags?post=26992"}],"curies":[{"name":"wp","href":"https:\/\/api.w.org\/{rel}","templated":true}]}}