{"id":23451,"date":"2025-03-03T09:21:13","date_gmt":"2025-03-03T06:21:13","guid":{"rendered":"https:\/\/www.enka.k12.tr\/kocaeli\/?p=23451"},"modified":"2025-03-17T13:02:47","modified_gmt":"2025-03-17T10:02:47","slug":"14-meslekler-gunu-gelecege-adim-atan-ogrencilerimiz-icin-motivasyon-kaynagi","status":"publish","type":"post","link":"https:\/\/www.enka.k12.tr\/kocaeli\/14-meslekler-gunu-gelecege-adim-atan-ogrencilerimiz-icin-motivasyon-kaynagi\/","title":{"rendered":"14. MESLEKLER G\u00dcN\u00dc: GELECE\u011eE ADIM ATAN \u00d6\u011eRENC\u0130LER\u0130M\u0130Z \u0130\u00c7\u0130N MOT\u0130VASYON KAYNA\u011eI"},"content":{"rendered":"<p><strong>14. MESLEKLER G\u00dcN\u00dc: GELECE\u011eE ADIM ATAN \u00d6\u011eRENC\u0130LER\u0130M\u0130Z \u0130\u00c7\u0130N MOT\u0130VASYON KAYNA\u011eI<\/strong><\/p>\n<p>26 \u015eubat \u00c7ar\u015famba g\u00fcn\u00fc, 14. s\u00fcn\u00fc d\u00fczenledi\u011fimiz &#8220;Meslekler G\u00fcn\u00fc&#8221; etkinli\u011fimizi ba\u015far\u0131yla ger\u00e7ekle\u015ftirdik. 21 farkl\u0131 meslek alan\u0131ndan de\u011ferli akademisyenler, sekt\u00f6r profesyonelleri ve mezunlar\u0131m\u0131z; \u00f6\u011frencilerimize kariyer planlamalar\u0131nda rehberlik ederek, gelecekteki i\u015f hayatlar\u0131na dair \u00f6nemli bilgiler sundular.<\/p>\n<p>Etkinli\u011fimizin amac\u0131, \u00f6\u011frencilerimizin meslek se\u00e7imlerinde sa\u011flam bir temel atmalar\u0131na yard\u0131mc\u0131 olmak ve onlar\u0131 bilin\u00e7li bir \u015fekilde gelece\u011fe haz\u0131rlamakt\u0131. Bu anlaml\u0131 etkinlikte, \u00f6\u011frencilerimize rehberlik eden akademisyenlerimize ve kat\u0131l\u0131mc\u0131lar\u0131m\u0131za te\u015fekk\u00fcr ederiz.<\/p>\n<p><strong>Etkinli\u011fimizde kat\u0131lan de\u011ferli akademisyenlerimiz ve konuklar\u0131m\u0131z:<\/strong><\/p>\n<p>&nbsp;<\/p>\n<ul>\n<li>Prof. Dr. \u0130lyas Kandemir (Gebze Teknik \u00dcniversitesi Havac\u0131l\u0131k ve Uzay Bilimleri Fak\u00fcltesi Dekan\u0131)<\/li>\n<li>Prof. Dr. Yusuf Sinan Akg\u00fcl (Gebze Teknik \u00dcniversitesi M\u00fchendislik Fak\u00fcltesi Dekan\u0131)<\/li>\n<li>Prof. Dr. Yelda \u00d6zden \u00c7ift\u00e7i (Gebze Teknik \u00dcniversitesi Molek\u00fcler Biyoloji ve Genetik B\u00f6l\u00fcm Ba\u015fkan\u0131)<\/li>\n<li>Prof. Dr. Olcay Taner Y\u0131ld\u0131z (\u00d6zye\u011fin \u00dcniversitesi M\u00fchendislik Fak\u00fcltesi Yapay Zek\u00e2 ve Veri M\u00fchendisli\u011fi B\u00f6l\u00fcm\u00fc )<\/li>\n<li>Prof. Dr. Ye\u015fim \u00d6zarda (Yeditepe \u00dcniversitesi T\u0131p Fak\u00fcltesi)<\/li>\n<li>Do\u00e7. Dr. Kamer Kaya (Sabanc\u0131 \u00dcniversitesi M\u00fchendislik ve Do\u011fa Bilimleri Fak\u00fcltesi Bilgisayar Bilimi ve M\u00fchendisli\u011fi B\u00f6l\u00fcm\u00fc)<\/li>\n<li>Do\u00e7. Dr. Kemalettin Erbatur (Sabanc\u0131 \u00dcniversitesi M\u00fchendislik ve Do\u011fa Bilimleri Fak\u00fcltesi Mekatronik M\u00fchendisli\u011fi B\u00f6l\u00fcm\u00fc)<\/li>\n<li>Prof. Dr. Serkan \u0130\u015fg\u00f6ren (Kocaeli \u00dcniversitesi T\u0131p Fak\u00fcltesi)<\/li>\n<li>Dr. \u00d6zg\u00fcr Bar\u0131\u015f (Kocaeli \u00dcniversitesi T\u0131p Fak\u00fcltesi)<\/li>\n<li>Dr. Semin T\u00f6ner \u015een (Yeditepe \u00dcniversitesi Hukuk Fak\u00fcltesi)<\/li>\n<li>Dr. Ar\u015f. G\u00f6r. Emine Sena Kazan Kaya (Gebze Teknik \u00dcniversitesi M\u00fchendislik Fak\u00fcltesi Kimya M\u00fchendisli\u011fi B\u00f6l\u00fcm\u00fc)<\/li>\n<li>Ar\u015f. G\u00f6r. Onur Kaya (Gebze Teknik \u00dcniversitesi M\u00fchendislik Fak\u00fcltesi Makine M\u00fchendisli\u011fi B\u00f6l\u00fcm\u00fc)<\/li>\n<li>Serdar G\u00f6k\u00e7e(Neno Teknoloji Firmas\u0131nda Yaz\u0131l\u0131m M\u00fchendisi)<\/li>\n<li>Do\u011fukan \u00c7akars\u0131n (Derince Belediyesi Y\u00fcksek Mimar)<\/li>\n<li>Zeynep Rabia Y\u00fcksel (\u00d6zel \u0130lgi Hastaneleri Klinik Psikolog)<\/li>\n<\/ul>\n<p><strong>Ayr\u0131ca, etkinli\u011fimizde profesyonel i\u015f ya\u015fam\u0131ndaki birikimlerini \u00f6\u011frencilerimize aktaran \u00e7ok de\u011ferli mezunlar\u0131m\u0131z:<\/strong><\/p>\n<ul>\n<li>Zeynep Samur (Giri\u015fimci)<\/li>\n<li>Erman \u00c7olak (Kontrol Otomasyon M\u00fchendisi)<\/li>\n<li>Arda M\u00fcft\u00fco\u011flu (Bilgisayar M\u00fchendisi)<\/li>\n<li>Baran Solmaz (Bilgisayar M\u00fchendisi)<\/li>\n<li>Bahattin Bat\u0131kan Y\u0131ld\u0131r\u0131m (Di\u015f Hekimi)<\/li>\n<li>Eren Karak\u0131l\u0131\u00e7 (Matematik M\u00fchendisi)<\/li>\n<li>Ahmet Hakan Kurt (Elektrik Elektronik M\u00fchendisi)<\/li>\n<li>Berkay Y\u0131lmazer (\u0130\u015fletme)<\/li>\n<\/ul>\n<p>T\u00fcm akademisyenlerimize, mezunlar\u0131m\u0131za ve kat\u0131l\u0131mc\u0131lar\u0131m\u0131za bir kez daha te\u015fekk\u00fcr eder, \u00f6\u011frencilerimizin ba\u015far\u0131l\u0131 bir gelece\u011fe ad\u0131m atmalar\u0131n\u0131 dileriz.<\/p>\n<p>&nbsp;<\/p>\n<p><img loading=\"lazy\" decoding=\"async\" class=\"alignnone size-full wp-image-23475\" src=\"https:\/\/www.enka.k12.tr\/kocaeli\/wp-content\/uploads\/2025\/03\/MG-8-1-scaled.jpg\" alt=\"\" width=\"2560\" height=\"1700\" srcset=\"https:\/\/www.enka.k12.tr\/kocaeli\/wp-content\/uploads\/2025\/03\/MG-8-1-scaled.jpg 2560w, https:\/\/www.enka.k12.tr\/kocaeli\/wp-content\/uploads\/2025\/03\/MG-8-1-300x199.jpg 300w, https:\/\/www.enka.k12.tr\/kocaeli\/wp-content\/uploads\/2025\/03\/MG-8-1-1024x680.jpg 1024w, https:\/\/www.enka.k12.tr\/kocaeli\/wp-content\/uploads\/2025\/03\/MG-8-1-768x510.jpg 768w, https:\/\/www.enka.k12.tr\/kocaeli\/wp-content\/uploads\/2025\/03\/MG-8-1-1536x1020.jpg 1536w, https:\/\/www.enka.k12.tr\/kocaeli\/wp-content\/uploads\/2025\/03\/MG-8-1-2048x1360.jpg 2048w\" sizes=\"auto, (max-width: 2560px) 100vw, 2560px\" \/><\/p>\n<div id=\"gallery-1\" class=\"gallery galleryid-23451 ks-row ks-gallery ks-gallery-lightbox clr\"><div class=\"gallery-item span_1_of_3 col col-1\">\n\t\t\t\t\t<div class=\"gallery-icon\">\n\t\t\t\t\t\t<a href=\"https:\/\/www.enka.k12.tr\/kocaeli\/wp-content\/uploads\/2025\/03\/MG-1-scaled.jpg\" class=\"ks-lightbox\" title=\"\">\n\t\t\t\t\t\t\t<img decoding=\"async\" src=\"https:\/\/www.enka.k12.tr\/kocaeli\/wp-content\/uploads\/2025\/03\/MG-1-scaled.jpg\" alt=\"\" \/>\n\t\t\t\t\t\t<\/a>\n\t\t\t\t\t<\/div><!-- \/gallery-icon --><\/div><!-- \/gallery-item --><div class=\"gallery-item span_1_of_3 col col-2\">\n\t\t\t\t\t<div class=\"gallery-icon\">\n\t\t\t\t\t\t<a href=\"https:\/\/www.enka.k12.tr\/kocaeli\/wp-content\/uploads\/2025\/03\/MG-2-scaled.jpg\" class=\"ks-lightbox\" title=\"\">\n\t\t\t\t\t\t\t<img decoding=\"async\" src=\"https:\/\/www.enka.k12.tr\/kocaeli\/wp-content\/uploads\/2025\/03\/MG-2-scaled.jpg\" alt=\"\" \/>\n\t\t\t\t\t\t<\/a>\n\t\t\t\t\t<\/div><!-- \/gallery-icon --><\/div><!-- \/gallery-item --><div class=\"gallery-item span_1_of_3 col col-0\">\n\t\t\t\t\t<div class=\"gallery-icon\">\n\t\t\t\t\t\t<a href=\"https:\/\/www.enka.k12.tr\/kocaeli\/wp-content\/uploads\/2025\/03\/MG-3-scaled.jpg\" class=\"ks-lightbox\" title=\"\">\n\t\t\t\t\t\t\t<img decoding=\"async\" src=\"https:\/\/www.enka.k12.tr\/kocaeli\/wp-content\/uploads\/2025\/03\/MG-3-scaled.jpg\" alt=\"\" \/>\n\t\t\t\t\t\t<\/a>\n\t\t\t\t\t<\/div><!-- \/gallery-icon --><\/div><!-- \/gallery-item --><div class=\"gallery-item span_1_of_3 col col-1\">\n\t\t\t\t\t<div class=\"gallery-icon\">\n\t\t\t\t\t\t<a href=\"https:\/\/www.enka.k12.tr\/kocaeli\/wp-content\/uploads\/2025\/03\/MG-4-scaled.jpg\" class=\"ks-lightbox\" title=\"\">\n\t\t\t\t\t\t\t<img decoding=\"async\" src=\"https:\/\/www.enka.k12.tr\/kocaeli\/wp-content\/uploads\/2025\/03\/MG-4-scaled.jpg\" alt=\"\" \/>\n\t\t\t\t\t\t<\/a>\n\t\t\t\t\t<\/div><!-- \/gallery-icon --><\/div><!-- \/gallery-item --><div class=\"gallery-item span_1_of_3 col col-2\">\n\t\t\t\t\t<div class=\"gallery-icon\">\n\t\t\t\t\t\t<a href=\"https:\/\/www.enka.k12.tr\/kocaeli\/wp-content\/uploads\/2025\/03\/MG-6-scaled.jpg\" class=\"ks-lightbox\" title=\"\">\n\t\t\t\t\t\t\t<img decoding=\"async\" src=\"https:\/\/www.enka.k12.tr\/kocaeli\/wp-content\/uploads\/2025\/03\/MG-6-scaled.jpg\" alt=\"\" \/>\n\t\t\t\t\t\t<\/a>\n\t\t\t\t\t<\/div><!-- \/gallery-icon --><\/div><!-- \/gallery-item --><div class=\"gallery-item span_1_of_3 col col-0\">\n\t\t\t\t\t<div class=\"gallery-icon\">\n\t\t\t\t\t\t<a href=\"https:\/\/www.enka.k12.tr\/kocaeli\/wp-content\/uploads\/2025\/03\/MG-7-scaled.jpg\" class=\"ks-lightbox\" title=\"\">\n\t\t\t\t\t\t\t<img decoding=\"async\" src=\"https:\/\/www.enka.k12.tr\/kocaeli\/wp-content\/uploads\/2025\/03\/MG-7-scaled.jpg\" alt=\"\" \/>\n\t\t\t\t\t\t<\/a>\n\t\t\t\t\t<\/div><!-- \/gallery-icon --><\/div><!-- \/gallery-item --><div class=\"gallery-item span_1_of_3 col col-1\">\n\t\t\t\t\t<div class=\"gallery-icon\">\n\t\t\t\t\t\t<a href=\"https:\/\/www.enka.k12.tr\/kocaeli\/wp-content\/uploads\/2025\/03\/MG-5-scaled.jpg\" class=\"ks-lightbox\" title=\"\">\n\t\t\t\t\t\t\t<img decoding=\"async\" src=\"https:\/\/www.enka.k12.tr\/kocaeli\/wp-content\/uploads\/2025\/03\/MG-5-scaled.jpg\" alt=\"\" \/>\n\t\t\t\t\t\t<\/a>\n\t\t\t\t\t<\/div><!-- \/gallery-icon --><\/div><!-- \/gallery-item --><\/div><!-- \/gallery-1 -->\n\n<p>&nbsp;<\/p>\n<p>&nbsp;<\/p>\n","protected":false},"excerpt":{"rendered":"<p>14. MESLEKLER G\u00dcN\u00dc: GELECE\u011eE ADIM ATAN \u00d6\u011eRENC\u0130LER\u0130M\u0130Z \u0130\u00c7\u0130N MOT\u0130VASYON KAYNA\u011eI 26 \u015eubat \u00c7ar\u015famba g\u00fcn\u00fc, 14. s\u00fcn\u00fc d\u00fczenledi\u011fimiz &#8220;Meslekler G\u00fcn\u00fc&#8221; etkinli\u011fimizi ba\u015far\u0131yla ger\u00e7ekle\u015ftirdik. 21 farkl\u0131 meslek alan\u0131ndan de\u011ferli akademisyenler, sekt\u00f6r profesyonelleri ve mezunlar\u0131m\u0131z; \u00f6\u011frencilerimize kariyer planlamalar\u0131nda rehberlik ederek, gelecekteki i\u015f hayatlar\u0131na dair \u00f6nemli bilgiler sundular. Etkinli\u011fimizin amac\u0131, \u00f6\u011frencilerimizin meslek se\u00e7imlerinde sa\u011flam bir temel atmalar\u0131na yard\u0131mc\u0131 olmak ve onlar\u0131 bilin\u00e7li bir \u015fekilde gelece\u011fe haz\u0131rlamakt\u0131. Bu anlaml\u0131 etkinlikte,&#8230;<\/p>\n","protected":false},"author":22,"featured_media":23475,"comment_status":"closed","ping_status":"closed","sticky":false,"template":"","format":"standard","meta":{"_acf_changed":false,"inline_featured_image":false,"footnotes":""},"categories":[259,271,269,3112,1621,265,273,272,274,276,275,268,3068],"tags":[2830,2829,2886],"class_list":["post-23451","post","type-post","status-publish","format-standard","has-post-thumbnail","hentry","category-akademik-faaliyetler","category-anadolu-teknik-lisesi","category-fen-ve-teknoloji-lisesi","category-gezi","category-haberler","category-kampusumuz","category-mesleki-egitim","category-mufredat-tr","category-ogrenci","category-ogretmen","category-okulda-yasam","category-okullarimiz","category-yarismalar","tag-bilim-olimpiyati","tag-tubitak","tag-yarisma","blog-entry clr","thumbnail-entry-style"],"aioseo_notices":[],"acf":[],"_links":{"self":[{"href":"https:\/\/www.enka.k12.tr\/kocaeli\/wp-json\/wp\/v2\/posts\/23451","targetHints":{"allow":["GET"]}}],"collection":[{"href":"https:\/\/www.enka.k12.tr\/kocaeli\/wp-json\/wp\/v2\/posts"}],"about":[{"href":"https:\/\/www.enka.k12.tr\/kocaeli\/wp-json\/wp\/v2\/types\/post"}],"author":[{"embeddable":true,"href":"https:\/\/www.enka.k12.tr\/kocaeli\/wp-json\/wp\/v2\/users\/22"}],"replies":[{"embeddable":true,"href":"https:\/\/www.enka.k12.tr\/kocaeli\/wp-json\/wp\/v2\/comments?post=23451"}],"version-history":[{"count":4,"href":"https:\/\/www.enka.k12.tr\/kocaeli\/wp-json\/wp\/v2\/posts\/23451\/revisions"}],"predecessor-version":[{"id":23480,"href":"https:\/\/www.enka.k12.tr\/kocaeli\/wp-json\/wp\/v2\/posts\/23451\/revisions\/23480"}],"wp:featuredmedia":[{"embeddable":true,"href":"https:\/\/www.enka.k12.tr\/kocaeli\/wp-json\/wp\/v2\/media\/23475"}],"wp:attachment":[{"href":"https:\/\/www.enka.k12.tr\/kocaeli\/wp-json\/wp\/v2\/media?parent=23451"}],"wp:term":[{"taxonomy":"category","embeddable":true,"href":"https:\/\/www.enka.k12.tr\/kocaeli\/wp-json\/wp\/v2\/categories?post=23451"},{"taxonomy":"post_tag","embeddable":true,"href":"https:\/\/www.enka.k12.tr\/kocaeli\/wp-json\/wp\/v2\/tags?post=23451"}],"curies":[{"name":"wp","href":"https:\/\/api.w.org\/{rel}","templated":true}]}}