{"id":27065,"date":"2026-04-11T14:03:02","date_gmt":"2026-04-11T11:03:02","guid":{"rendered":"https:\/\/www.enka.k12.tr\/kocaeli\/?p=27065"},"modified":"2026-04-28T14:09:49","modified_gmt":"2026-04-28T11:09:49","slug":"gelecege-bir-adim-daha-itu-ziyareti-gerceklesti","status":"publish","type":"post","link":"https:\/\/www.enka.k12.tr\/kocaeli\/gelecege-bir-adim-daha-itu-ziyareti-gerceklesti\/","title":{"rendered":"Gelece\u011fe Bir Ad\u0131m Daha: \u0130T\u00dc Ziyareti Ger\u00e7ekle\u015fti!"},"content":{"rendered":"<p><strong><span style=\"font-size: 14pt;\">Gelece\u011fe Bir Ad\u0131m Daha: \u0130T\u00dc Ziyareti Ger\u00e7ekle\u015fti!<\/span><\/strong><\/p>\n<p>Okulumuz 12. s\u0131n\u0131f \u00f6\u011frencileriyle \u00a0\u0130stanbul Teknik \u00dcniversitesini ziyaret ettik. T\u00fcrkiye\u2019nin en k\u00f6kl\u00fc ve prestijli teknik \u00fcniversitelerinden biri olan \u0130T\u00dc\u2019de ger\u00e7ekle\u015ftirilen bu etkinlik, \u00f6\u011frencilerimiz i\u00e7in hem bilgilendirici hem de ilham verici bir deneyim oldu.<\/p>\n<p>Ziyaretimizin en de\u011ferli anlar\u0131ndan biri de \u015fu anda \u0130T\u00dc\u2019de \u00f6\u011frenim g\u00f6ren mezun \u00f6\u011frencilerimizle ger\u00e7ekle\u015ftirilen bulu\u015fmayd\u0131. Mezunlar\u0131m\u0131z, \u00fcniversite hayat\u0131, b\u00f6l\u00fcm se\u00e7imi, ders yo\u011funlu\u011fu ve sosyal ya\u015fam hakk\u0131nda payla\u015f\u0131mlarda bulunarak \u00f6\u011frencilerimizin sorular\u0131n\u0131 yan\u0131tlad\u0131. Bu etkile\u015fim, \u00f6\u011frencilerimize ger\u00e7ek deneyimler \u00fczerinden \u00f6nemli bir bak\u0131\u015f a\u00e7\u0131s\u0131 kazand\u0131rd\u0131.<\/p>\n<p>\u00d6\u011frencilerimiz kamp\u00fcs\u00fc gezme f\u0131rsat\u0131 bulurken \u00e7e\u015fitli fak\u00fclteler ve b\u00f6l\u00fcmler hakk\u0131nda genel bilgiler edindi.<\/p>\n<div id=\"gallery-1\" class=\"gallery galleryid-27065 ks-row ks-gallery ks-gallery-lightbox clr\"><div class=\"gallery-item span_1_of_2 col col-1\">\n\t\t\t\t\t<div class=\"gallery-icon\">\n\t\t\t\t\t\t<a href=\"https:\/\/www.enka.k12.tr\/kocaeli\/wp-content\/uploads\/2026\/04\/WhatsApp-Image-2026-03-26-at-12.59.23-2-e1777374685134.jpeg\" class=\"ks-lightbox\" title=\"\">\n\t\t\t\t\t\t\t<img decoding=\"async\" src=\"https:\/\/www.enka.k12.tr\/kocaeli\/wp-content\/uploads\/2026\/04\/WhatsApp-Image-2026-03-26-at-12.59.23-2-e1777374685134.jpeg\" alt=\"\" \/>\n\t\t\t\t\t\t<\/a>\n\t\t\t\t\t<\/div><!-- \/gallery-icon --><\/div><!-- \/gallery-item --><div class=\"gallery-item span_1_of_2 col col-0\">\n\t\t\t\t\t<div class=\"gallery-icon\">\n\t\t\t\t\t\t<a href=\"https:\/\/www.enka.k12.tr\/kocaeli\/wp-content\/uploads\/2026\/04\/WhatsApp-Image-2026-03-26-at-12.59.23-e1777374651822.jpeg\" class=\"ks-lightbox\" title=\"\">\n\t\t\t\t\t\t\t<img decoding=\"async\" src=\"https:\/\/www.enka.k12.tr\/kocaeli\/wp-content\/uploads\/2026\/04\/WhatsApp-Image-2026-03-26-at-12.59.23-e1777374651822.jpeg\" alt=\"\" \/>\n\t\t\t\t\t\t<\/a>\n\t\t\t\t\t<\/div><!-- \/gallery-icon --><\/div><!-- \/gallery-item --><\/div><!-- \/gallery-1 -->\n\n","protected":false},"excerpt":{"rendered":"<p>Gelece\u011fe Bir Ad\u0131m Daha: \u0130T\u00dc Ziyareti Ger\u00e7ekle\u015fti! Okulumuz 12. s\u0131n\u0131f \u00f6\u011frencileriyle \u00a0\u0130stanbul Teknik \u00dcniversitesini ziyaret ettik. T\u00fcrkiye\u2019nin en k\u00f6kl\u00fc ve prestijli teknik \u00fcniversitelerinden biri olan \u0130T\u00dc\u2019de ger\u00e7ekle\u015ftirilen bu etkinlik, \u00f6\u011frencilerimiz i\u00e7in hem bilgilendirici hem de ilham verici bir deneyim oldu. Ziyaretimizin en de\u011ferli anlar\u0131ndan biri de \u015fu anda \u0130T\u00dc\u2019de \u00f6\u011frenim g\u00f6ren mezun \u00f6\u011frencilerimizle ger\u00e7ekle\u015ftirilen bulu\u015fmayd\u0131. Mezunlar\u0131m\u0131z, \u00fcniversite hayat\u0131, b\u00f6l\u00fcm se\u00e7imi, ders yo\u011funlu\u011fu ve sosyal ya\u015fam&#8230;<\/p>\n","protected":false},"author":22,"featured_media":27069,"comment_status":"closed","ping_status":"closed","sticky":false,"template":"","format":"standard","meta":{"_acf_changed":false,"inline_featured_image":false,"footnotes":""},"categories":[259,271,269,3112,1621,265,273,272,274,276,275,268,3068],"tags":[2830,2829,2886],"class_list":["post-27065","post","type-post","status-publish","format-standard","has-post-thumbnail","hentry","category-akademik-faaliyetler","category-anadolu-teknik-lisesi","category-fen-ve-teknoloji-lisesi","category-gezi","category-haberler","category-kampusumuz","category-mesleki-egitim","category-mufredat-tr","category-ogrenci","category-ogretmen","category-okulda-yasam","category-okullarimiz","category-yarismalar","tag-bilim-olimpiyati","tag-tubitak","tag-yarisma","blog-entry clr","thumbnail-entry-style"],"aioseo_notices":[],"acf":[],"_links":{"self":[{"href":"https:\/\/www.enka.k12.tr\/kocaeli\/wp-json\/wp\/v2\/posts\/27065","targetHints":{"allow":["GET"]}}],"collection":[{"href":"https:\/\/www.enka.k12.tr\/kocaeli\/wp-json\/wp\/v2\/posts"}],"about":[{"href":"https:\/\/www.enka.k12.tr\/kocaeli\/wp-json\/wp\/v2\/types\/post"}],"author":[{"embeddable":true,"href":"https:\/\/www.enka.k12.tr\/kocaeli\/wp-json\/wp\/v2\/users\/22"}],"replies":[{"embeddable":true,"href":"https:\/\/www.enka.k12.tr\/kocaeli\/wp-json\/wp\/v2\/comments?post=27065"}],"version-history":[{"count":2,"href":"https:\/\/www.enka.k12.tr\/kocaeli\/wp-json\/wp\/v2\/posts\/27065\/revisions"}],"predecessor-version":[{"id":27072,"href":"https:\/\/www.enka.k12.tr\/kocaeli\/wp-json\/wp\/v2\/posts\/27065\/revisions\/27072"}],"wp:featuredmedia":[{"embeddable":true,"href":"https:\/\/www.enka.k12.tr\/kocaeli\/wp-json\/wp\/v2\/media\/27069"}],"wp:attachment":[{"href":"https:\/\/www.enka.k12.tr\/kocaeli\/wp-json\/wp\/v2\/media?parent=27065"}],"wp:term":[{"taxonomy":"category","embeddable":true,"href":"https:\/\/www.enka.k12.tr\/kocaeli\/wp-json\/wp\/v2\/categories?post=27065"},{"taxonomy":"post_tag","embeddable":true,"href":"https:\/\/www.enka.k12.tr\/kocaeli\/wp-json\/wp\/v2\/tags?post=27065"}],"curies":[{"name":"wp","href":"https:\/\/api.w.org\/{rel}","templated":true}]}}